{"id":69555,"date":"2025-01-20T13:31:55","date_gmt":"2025-01-20T18:31:55","guid":{"rendered":"https:\/\/complx.ca\/?p=69555"},"modified":"2025-07-22T08:51:20","modified_gmt":"2025-07-22T12:51:20","slug":"la-motivation-au-travail-ca-part-de-la-tete","status":"publish","type":"post","link":"https:\/\/complx.ca\/en\/la-motivation-au-travail-ca-part-de-la-tete\/","title":{"rendered":"La motivation au travail, \u00e7a part de la t\u00eate."},"content":{"rendered":"<div data-elementor-type=\"wp-post\" data-elementor-id=\"69555\" class=\"elementor elementor-69555\" data-elementor-post-type=\"post\">\n\t\t\t\t<div class=\"elementor-element elementor-element-c5d25d9 e-con-full e-flex e-con e-parent\" data-id=\"c5d25d9\" data-element_type=\"container\">\n\t\t\t\t<div class=\"elementor-element elementor-element-dbdcd40 elementor-share-buttons--view-icon-text elementor-share-buttons--skin-gradient elementor-share-buttons--shape-square elementor-grid-0 elementor-share-buttons--color-official elementor-widget elementor-widget-share-buttons\" data-id=\"dbdcd40\" data-element_type=\"widget\" data-widget_type=\"share-buttons.default\">\n\t\t\t\t<div class=\"elementor-widget-container\">\n\t\t\t\t\t\t\t<div class=\"elementor-grid\" role=\"list\">\n\t\t\t\t\t\t\t\t<div class=\"elementor-grid-item\" role=\"listitem\">\n\t\t\t\t\t\t<div class=\"elementor-share-btn elementor-share-btn_facebook\" role=\"button\" tabindex=\"0\" aria-label=\"Share on facebook\">\n\t\t\t\t\t\t\t\t\t\t\t\t\t\t\t<span class=\"elementor-share-btn__icon\">\n\t\t\t\t\t\t\t\t<i class=\"fab fa-facebook\" aria-hidden=\"true\"><\/i>\t\t\t\t\t\t\t<\/span>\n\t\t\t\t\t\t\t\t\t\t\t\t\t\t\t\t\t\t\t\t\t\t<div class=\"elementor-share-btn__text\">\n\t\t\t\t\t\t\t\t\t\t\t\t\t\t\t\t\t\t\t<span class=\"elementor-share-btn__title\">\n\t\t\t\t\t\t\t\t\t\tFacebook\t\t\t\t\t\t\t\t\t<\/span>\n\t\t\t\t\t\t\t\t\t\t\t\t\t\t\t\t\t<\/div>\n\t\t\t\t\t\t\t\t\t\t\t\t\t<\/div>\n\t\t\t\t\t<\/div>\n\t\t\t\t\t\t\t\t\t<div class=\"elementor-grid-item\" role=\"listitem\">\n\t\t\t\t\t\t<div class=\"elementor-share-btn elementor-share-btn_linkedin\" role=\"button\" tabindex=\"0\" aria-label=\"Share on linkedin\">\n\t\t\t\t\t\t\t\t\t\t\t\t\t\t\t<span class=\"elementor-share-btn__icon\">\n\t\t\t\t\t\t\t\t<i class=\"fab fa-linkedin\" aria-hidden=\"true\"><\/i>\t\t\t\t\t\t\t<\/span>\n\t\t\t\t\t\t\t\t\t\t\t\t\t\t\t\t\t\t\t\t\t\t<div class=\"elementor-share-btn__text\">\n\t\t\t\t\t\t\t\t\t\t\t\t\t\t\t\t\t\t\t<span class=\"elementor-share-btn__title\">\n\t\t\t\t\t\t\t\t\t\tLinkedIn\t\t\t\t\t\t\t\t\t<\/span>\n\t\t\t\t\t\t\t\t\t\t\t\t\t\t\t\t\t<\/div>\n\t\t\t\t\t\t\t\t\t\t\t\t\t<\/div>\n\t\t\t\t\t<\/div>\n\t\t\t\t\t\t<\/div>\n\t\t\t\t\t\t<\/div>\n\t\t\t\t<\/div>\n\t\t\t\t<div class=\"elementor-element elementor-element-6d045ab elementor-widget elementor-widget-heading\" data-id=\"6d045ab\" data-element_type=\"widget\" data-widget_type=\"heading.default\">\n\t\t\t\t<div class=\"elementor-widget-container\">\n\t\t\t\t\t<h3 class=\"elementor-heading-title elementor-size-default\">La motivation s'inscrit dans notre profil psychom\u00e9trique. <\/h3>\t\t\t\t<\/div>\n\t\t\t\t<\/div>\n\t\t\t\t<div class=\"elementor-element elementor-element-92448a6 elementor-widget elementor-widget-text-editor\" data-id=\"92448a6\" data-element_type=\"widget\" data-widget_type=\"text-editor.default\">\n\t\t\t\t<div class=\"elementor-widget-container\">\n\t\t\t\t\t\t\t\t\t<p style=\"margin: 0cm;\"><span lang=\"FR-CA\" style=\"font-family: 'Google Sans',serif; color: black;\">Pour commencer, mettons les choses au clair. Pour avoir de la motivation au travail, il n&#8217;y a que nous qui pouvons faire la diff\u00e9rence. Vous avez bien lu. L&#8217;\u00e9c\u0153urantite aig\u00fce part de soi. Rien au monde, m\u00eame la meilleure paye possible, fera en sorte que nous allons nous sentir &#8220;up la vie&#8221; pour aller travailler. \u00c0 court terme ce sera g\u00e9nial, mais \u00e0 moyen et long terme nous retournerons dans notre zone de l\u00e9thargie conditionn\u00e9e.\u00a0<\/span><\/p>\t\t\t\t\t\t\t\t<\/div>\n\t\t\t\t<\/div>\n\t\t\t\t<div class=\"elementor-element elementor-element-646dcd9 elementor-widget elementor-widget-text-editor\" data-id=\"646dcd9\" data-element_type=\"widget\" data-widget_type=\"text-editor.default\">\n\t\t\t\t<div class=\"elementor-widget-container\">\n\t\t\t\t\t\t\t\t\t<p>Bien entendu, l&#8217;individu est forg\u00e9 d\u00e8s le plus jeune \u00e2ge \u00e0 d\u00e9velopper des traits de personnalit\u00e9 et un syst\u00e8me de croyances venant confirmer son identit\u00e9. Travaillant depuis plusieurs ann\u00e9es avec le profil NOVA Global, la partie qui m&#8217;int\u00e9resse souvent le plus dans une d\u00e9marche de coaching, c&#8217;est la partie des motivations. Pourquoi? Parce que ce sont les motivations qui allument notre feu sacr\u00e9.\u00a0<\/p><p>Quand un.e gestionnaire me demande comment motiver son employ\u00e9.e, je lui demande si l&#8217;employ\u00e9.e a r\u00e9alis\u00e9 son profil NOVA. \u00c0 partir de son profil, je comprends son mode d&#8217;emploi et je peux proposer des id\u00e9es. Cela sauve du temps et de l&#8217;argent \u00e0 essayer \u00e0 t\u00e2tons de trouver LA bonne strat\u00e9gie pour remettre cet.te employ\u00e9.e sur les rails.\u00a0<\/p>\t\t\t\t\t\t\t\t<\/div>\n\t\t\t\t<\/div>\n\t\t\t\t<div class=\"elementor-element elementor-element-cfa7a23 elementor-widget elementor-widget-heading\" data-id=\"cfa7a23\" data-element_type=\"widget\" data-widget_type=\"heading.default\">\n\t\t\t\t<div class=\"elementor-widget-container\">\n\t\t\t\t\t<h3 class=\"elementor-heading-title elementor-size-default\">La motivation en \"cul sec\". <\/h3>\t\t\t\t<\/div>\n\t\t\t\t<\/div>\n\t\t\t\t<div class=\"elementor-element elementor-element-833ca86 elementor-widget elementor-widget-text-editor\" data-id=\"833ca86\" data-element_type=\"widget\" data-widget_type=\"text-editor.default\">\n\t\t\t\t<div class=\"elementor-widget-container\">\n\t\t\t\t\t\t\t\t\t<p>Bien \u00e9videmment, conna\u00eetre ses employ\u00e9.es requiert du temps et de un investissement dans des outils psychom\u00e9triques. C&#8217;est comme \u00e7a que beaucoup se tournent vers la motivation que j&#8217;ai appel\u00e9e &#8220;en shooter&#8221;. C&#8217;est amusant sur le moment, mais \u00e7a ne dure pas longtemps.\u00a0<\/p><p>La motivation extrins\u00e8que se r\u00e9f\u00e8re \u00e0 tout ce qui procure un effet attirant sur le moment m\u00eame: une carte cadeau, un bonus de performance, une r\u00e9compense imm\u00e9diate, etc. Le probl\u00e8me, c&#8217;est que l&#8217;effet ne dure pas.<\/p><p>Si vous vous tournez vers ce genre de solution, vous allez enclencher un cycle de d\u00e9penses interminables. Pire encore, le jour o\u00f9 vous retirerez ce syst\u00e8me inefficace parce que vous ne voyez pas de r\u00e9sultats, votre \u00e9quipe aura l&#8217;impression de perdre quelque chose qui est devenu un acquis. Cet arr\u00eat provoquera frustrations et un retour en force de la l\u00e9thargie.\u00a0<\/p><p>Je ne dis pas de ne plus donner de cadeaux. Je dis simplement que d&#8217;en faire l&#8217;unique strat\u00e9gie de motivation ne fonctionne pas \u00e0 long terme.\u00a0<\/p>\t\t\t\t\t\t\t\t<\/div>\n\t\t\t\t<\/div>\n\t\t\t\t<div class=\"elementor-element elementor-element-2bd574f elementor-widget elementor-widget-heading\" data-id=\"2bd574f\" data-element_type=\"widget\" data-widget_type=\"heading.default\">\n\t\t\t\t<div class=\"elementor-widget-container\">\n\t\t\t\t\t<h3 class=\"elementor-heading-title elementor-size-default\">Comment retrouver la motivation? <\/h3>\t\t\t\t<\/div>\n\t\t\t\t<\/div>\n\t\t\t\t<div class=\"elementor-element elementor-element-a881afd elementor-widget elementor-widget-text-editor\" data-id=\"a881afd\" data-element_type=\"widget\" data-widget_type=\"text-editor.default\">\n\t\t\t\t<div class=\"elementor-widget-container\">\n\t\t\t\t\t\t\t\t\t<p>Bien entendu, c&#8217;est dans la t\u00eate que tout se passe. Il n&#8217;y a pas de raccourci. Chaque personne a ses besoins et ses pr\u00e9f\u00e9rences. La motivation se trouve dans un contexte o\u00f9 ces fameux besoins sont r\u00e9pondus. Certaines personnes sont nourries par le d\u00e9veloppement cognitif, d&#8217;autres par un environnement beau et confortable, certaines par le retour sur investissement (objectifs, chiffres, etc.), d&#8217;autres par l&#8217;altruisme et la possibilit\u00e9 d&#8217;aider l&#8217;autre.\u00a0<\/p><p>Cependant, cette connaissance de l&#8217;autre et m\u00eame de soi requiert des moments de r\u00e9flexion et un arr\u00eat pour d\u00e9velopper la connaissance de soi et la connaissance de l&#8217;autre.\u00a0<\/p>\t\t\t\t\t\t\t\t<\/div>\n\t\t\t\t<\/div>\n\t\t\t\t<div class=\"elementor-element elementor-element-7622e99 elementor-widget elementor-widget-heading\" data-id=\"7622e99\" data-element_type=\"widget\" data-widget_type=\"heading.default\">\n\t\t\t\t<div class=\"elementor-widget-container\">\n\t\t\t\t\t<h3 class=\"elementor-heading-title elementor-size-default\">La motivation est dans la t\u00eate.<\/h3>\t\t\t\t<\/div>\n\t\t\t\t<\/div>\n\t\t\t\t<div class=\"elementor-element elementor-element-43aa65f elementor-widget elementor-widget-text-editor\" data-id=\"43aa65f\" data-element_type=\"widget\" data-widget_type=\"text-editor.default\">\n\t\t\t\t<div class=\"elementor-widget-container\">\n\t\t\t\t\t\t\t\t\t<p>Vous l&#8217;aurez bien compris, garder sa motivation allum\u00e9e \u00e7a ne se fait pas de mani\u00e8re collective, mais bien individuelle.\u00a0<\/p><p>Ce que vous devez faire pour retrouver votre motivation intrins\u00e8que :<\/p><ol><li>\u00a0Identifier vos motivations.\u00a0<\/li><li>\u00a0Faire des liens entre vos besoins et vos manques.\u00a0<\/li><li>\u00a0 Imaginer des d\u00e9fis, des ajouts, des am\u00e9nagements, des responsabilit\u00e9s, etc. qui pourraient remplir ce manque.\u00a0<\/li><li>\u00a0Int\u00e9grer ces \u00e9l\u00e9ments \u00e0 votre quotidien.\u00a0<\/li><li>\u00a0 Mesurer votre motivation.\u00a0<\/li><\/ol><p>Finalement, il est important de comprendre que le travail est un aspect important de notre vie. Il est cons\u00e9quemment normal de devoir s&#8217;attarder r\u00e9guli\u00e8rement \u00e0 notre degr\u00e9 de motivation, qui ne peut certes pas rester \u00e9gal de semaine en semaine.\u00a0<\/p><p>Il est vrai que les gestionnaires ont le devoir de mobiliser. Pour ce qui est de la motivation, c&#8217;est la connaissance de soi et la capacit\u00e9 \u00e0 reconna\u00eetre ses besoins qui fera la plus grande diff\u00e9rence.\u00a0<\/p>\t\t\t\t\t\t\t\t<\/div>\n\t\t\t\t<\/div>\n\t\t\t\t<div class=\"elementor-element elementor-element-6ab1281 elementor-widget elementor-widget-heading\" data-id=\"6ab1281\" data-element_type=\"widget\" data-widget_type=\"heading.default\">\n\t\t\t\t<div class=\"elementor-widget-container\">\n\t\t\t\t\t<h5 class=\"elementor-heading-title elementor-size-default\"><a href=\"https:\/\/complx.ca\/en\/boutique\/\">Visit our online shop: https:\/\/complx.ca\/boutique\/<\/a><\/h5>\t\t\t\t<\/div>\n\t\t\t\t<\/div>\n\t\t\t\t<div class=\"elementor-element elementor-element-88d1e43 elementor-widget elementor-widget-image\" data-id=\"88d1e43\" data-element_type=\"widget\" data-widget_type=\"image.default\">\n\t\t\t\t<div class=\"elementor-widget-container\">\n\t\t\t\t\t\t\t\t\t\t\t\t\t\t\t<img decoding=\"async\" width=\"300\" height=\"91\" src=\"https:\/\/complx.ca\/wp-content\/uploads\/2025\/01\/ComplexeX_Logo-Primaire_Slogan_CabinetConseil-300x91.png\" class=\"attachment-medium size-medium wp-image-69375\" alt=\"\" srcset=\"https:\/\/complx.ca\/wp-content\/uploads\/2025\/01\/ComplexeX_Logo-Primaire_Slogan_CabinetConseil-300x91.png 300w, https:\/\/complx.ca\/wp-content\/uploads\/2025\/01\/ComplexeX_Logo-Primaire_Slogan_CabinetConseil-1024x310.png 1024w, https:\/\/complx.ca\/wp-content\/uploads\/2025\/01\/ComplexeX_Logo-Primaire_Slogan_CabinetConseil-768x232.png 768w, https:\/\/complx.ca\/wp-content\/uploads\/2025\/01\/ComplexeX_Logo-Primaire_Slogan_CabinetConseil-1536x464.png 1536w, https:\/\/complx.ca\/wp-content\/uploads\/2025\/01\/ComplexeX_Logo-Primaire_Slogan_CabinetConseil-2048x619.png 2048w, https:\/\/complx.ca\/wp-content\/uploads\/2025\/01\/ComplexeX_Logo-Primaire_Slogan_CabinetConseil-18x5.png 18w, https:\/\/complx.ca\/wp-content\/uploads\/2025\/01\/ComplexeX_Logo-Primaire_Slogan_CabinetConseil-600x181.png 600w\" sizes=\"(max-width: 300px) 100vw, 300px\" \/>\t\t\t\t\t\t\t\t\t\t\t\t\t\t\t<\/div>\n\t\t\t\t<\/div>\n\t\t\t\t<\/div>\n\t\t<div class=\"elementor-element elementor-element-3132d81 e-flex e-con-boxed e-con e-parent\" data-id=\"3132d81\" data-element_type=\"container\">\n\t\t\t\t\t<div class=\"e-con-inner\">\n\t\t\t\t<div class=\"elementor-element elementor-element-da33dfb elementor-author-box--avatar-yes elementor-author-box--name-yes elementor-author-box--biography-yes elementor-author-box--link-no elementor-widget elementor-widget-author-box\" data-id=\"da33dfb\" data-element_type=\"widget\" data-widget_type=\"author-box.default\">\n\t\t\t\t<div class=\"elementor-widget-container\">\n\t\t\t\t\t\t\t<div class=\"elementor-author-box\">\n\t\t\t\t\t\t\t<div  class=\"elementor-author-box__avatar\">\n\t\t\t\t\t<img decoding=\"async\" src=\"https:\/\/secure.gravatar.com\/avatar\/1acc35ef9e7b3554cace3a07e1cffa8a922396b8ce412150767cd5d9c5517f82?s=300&#038;d=mm&#038;r=g\" alt=\"Picture of Julie Dupuis\" loading=\"lazy\">\n\t\t\t\t<\/div>\n\t\t\t\n\t\t\t<div class=\"elementor-author-box__text\">\n\t\t\t\t\t\t\t\t\t<div >\n\t\t\t\t\t\t<h4 class=\"elementor-author-box__name\">\n\t\t\t\t\t\t\tJulie Dupuis\t\t\t\t\t\t<\/h4>\n\t\t\t\t\t<\/div>\n\t\t\t\t\n\t\t\t\t\t\t\t\t\t<div class=\"elementor-author-box__bio\">\n\t\t\t\t\t\tJulie Dupuis is passionate about human behaviour and personal development, a passion she has been putting to good use for over 20 years.\r\n\r\nWith several university degrees in social sciences, human relations and administration, she is a NOVA-certified NLP coach, Black Belt Lean SixSigma, ND, speaker and expert in organisational development. She also holds a doctorate in naturopathy, and has developed her knowledge of health and well-being to understand and integrate a holistic approach into her relationship with performance. She works with businesses and municipal organisations, and is also a municipal administrator.\r\n\r\nThe author of the book \"Fracasser les portes\", she shares her difficult journey, which has made her stronger and more resilient. As CEO of Complexe X, she and her team are working to democratise skills development, aiming to influence as many people as possible to maximise their personal and organisational potential.\t\t\t\t\t<\/div>\n\t\t\t\t\n\t\t\t\t\t\t\t<\/div>\n\t\t<\/div>\n\t\t\t\t\t\t<\/div>\n\t\t\t\t<\/div>\n\t\t\t\t<div class=\"elementor-element elementor-element-ca377db elementor-align-center elementor-widget elementor-widget-button\" data-id=\"ca377db\" data-element_type=\"widget\" data-widget_type=\"button.default\">\n\t\t\t\t<div class=\"elementor-widget-container\">\n\t\t\t\t\t\t\t\t\t<div class=\"elementor-button-wrapper\">\n\t\t\t\t\t<a class=\"elementor-button elementor-button-link elementor-size-sm\" href=\"https:\/\/meetings.hubspot.com\/julie-dupuis\" target=\"_blank\" rel=\"noopener\">\n\t\t\t\t\t\t<span class=\"elementor-button-content-wrapper\">\n\t\t\t\t\t\t<span class=\"elementor-button-icon\">\n\t\t\t\t<svg xmlns=\"http:\/\/www.w3.org\/2000\/svg\" xmlns:xlink=\"http:\/\/www.w3.org\/1999\/xlink\" width=\"137\" height=\"110\" viewbox=\"0 0 137 110\"><image width=\"137\" height=\"110\" xlink:href=\"data:img\/png;base64,iVBORw0KGgoAAAANSUhEUgAAAIkAAABuCAYAAAATZTDzAAAHjUlEQVR4nO2dT2xURRjAv267VMDSImnBFrXoCitRtlQxIZjsxosmmsDBi3uQ6sWLSvegolx6QvGyaCTGk8KhxoOxXPAvyS7ReICQFtAuZhMKpCIIlrYC21Z2zZSZ+rr7dvf9mZk38973S5rQ5e3MbPPLNzPvffNtQ6lUAkR\/kulEAgB6AKDN5MNkAGB4MJW57uSDoiQak0wn+gBgBwBst\/gpRgDgcwAYGkxlxqx+cpREQ5LpxAAA9ANAq4vRHwSAASuyoCQakUwnyHQyBAAPcBr1JBVlf62LUBJNoFPLZ4JGexgA+qqtWVASDUimE2QdsVPwSMl6JWEmSkjXP1xQkCQIIUZ2Qcl0omJ3hJIojERBGDG6+1kESqIoHgjC2J5MJ\/qNL+CaREE8FIRBdj3dbH2CkUQxFBAE6P2XhWiCkUQhFBGEsRBNMJIogmKCAI0m5JY\/TjcqoKAgDJREBRQWBNiDQ1yTeIjigjA2YyTxCE0EIbShJB6gkSCEBEoiGc0EmQclkYiOggBKIg9dBQGAMZREAhoLQhjDLbBgNBeEsBIjiUB8IMgIPrsRiA8EAXpeBxeuIvCJIMCy1FASzvhIkOxgKjMMKAlffCQIYYD9AyXhhM8EOTyYymTYLygJB3wmCMlI6zO+gJK4xIeCVBzQQklc4DNBCP1ssWoEJXGIDwV5eTCVqTiYBSiJM4IkCKAk9gmaIICS2COIggBKYp2gCgIoiTWCLAigJPUJuiCAktQGBbkDSlIFFOR\/UBITUJDFoCRloCCVoCQGUBBzUBIKClKdJrcNRLK5blIRx\/DScD4edVTo3itQkNrYPncTyeZIYZME\/YnVuDRLs62H8vFoxeNnVUBB6mNJkkg210YLrTktek+qDe\/Px6NcB+8WFMQadSWJZHP9NCnWzTciMEh06VchsqAg1qkqCY0e5BsR4gL6TeXj0ZrfjCASFMQeprubSDbXQ9cTIgQhpCPZnCdTDwpin4pIQncrw5yml3oczMejfe6asA4K4oxFkcQwxcgQhLBTVkRBQZxTPt3sr7OtFYFwUVAQdyxMN\/T+x9eyOjZByNSDgrjHGEk8221QuEcUFIQP85JEsrk+jl\/+5wZuoqAg\/GCRRNoOwwKuRUFB+NLwUGaUbHnPeTWAGjhao6Ag\/AnRB3UqYjuioCBiUFkSsCMKCiKOUFkuiIrUFQUFEQuRpEeVwdSgqigoiHhCEm\/Bu6VCFBREDrrluC6IgoLIg2yBr2sUTeYJHx+8srnxWIcCQ+GFsoIAjSTK5p+aUfjhU\/j72Jcdx8e71BucM5QWBKgkYwqMwxJEkLlTR+Yvnfr9BPhAFOUFAZ0iiVEQhuaiaCEIUEmGFBhHTcwEYWgqijaCEEL5eHSMHnlQklqCMDQTRStBwLAF9jqXxBQrgjA0EUU7QcAgyRCtBqwMdgRhKC6KloIAk4Se3e33fjh3cCIIQ1FRtBUEyo9URLI5kWdtLOFGECMr1j8BW7rGZQ69GloLAia35Xd4Oe3wEgTUiSjaCwLlktBpJ+GFKDwFYXgsii8EAbMHfPQwt1RRRAjC8EgU3wgC1Z4CyxRFpCAMyaL4ShColSogQ5TZ4e+FC8KQJIrvBIF6+SQiRbk9fhZmjh7g3WxNiCj5G8KyNX0pCFhJOhIhSmnmJhS+9eYm74WR0zBdXMm7Wd8KAlYz03iLMjf8HRSv\/8GjKduUZv6B3KVlPJv0tSBgJ32Rlygkisye+MpNE64h0w6naOJ7QcBujisPUeZGf4JSYdrp27mRv9ritqlACAJOEqHdivLvmR+dvI07E\/lf3TQZGEHAaba8U1GK09fg9uWzTrrkDlmbXJpztCUOlCDg5kiFE1GKf5132p0Qrk6H7TYbOEHA7bkbu6KoJknh1pydywMpCPA4nGVHlOLUFbfdcWXm5g2rzQVWEOB1gs+qKMXJyzy6k02gBQGexzy9eHosgcALArzPAvtMFBSEwv3AeC1RGjse5N2dKFAQA0KqClQTpaF5uYjuHLO8dYXZW1GQMoSVnjATpXHtRlHdOaJlecXHR0FMEFqfpFyUxq4NIruzzeqliwIdClIF4UVsykVpWu\/piY0Fwu3roCU0wX5FQWogpdKRUZQlvc\/J6LIunevWsEtQkDpIK4fFRGns2jAZauuU1a0pDc13w33L5m\/soSAWkFozjYmy9JnXCzL7Lafz0U3Q3HALBbGI9MJ6RJTQ2o1bww8\/VZTdN9C1SHTFORTEBp5UXySitMW2PR9qvVdqv2SaiUQ79qIg9vCsROeZl175pmNjbHdDs+s0Qst09T75RebNQ3ukdegTbH\/DOG9i7+16+\/LJn98vzYjNe13V+\/Sx3wY+UWP\/rRmeF\/sdeefDfat7t+1ual8nZI1CItWarc\/uRkGc43kkYfR+kHps6trE0enRX9p5tXlXd8\/MqrWdW06+lT7Nq80goowkjE173\/h44uKFV2fHR5ucthFqXQPtj8QOnHr3o9e4DzCAKCcJg6xVpq5e21O4crGlOPln3evJtLL0\/uh0y6p7DqEcfFFWEiOb9+16YXb29otzhcLj5f\/XFA6fDzcvOULWNp4O0q8AwH91iL2pAh+bWAAAAABJRU5ErkJggg==\"><\/image><\/svg>\t\t\t<\/span>\n\t\t\t\t\t\t\t\t\t<span class=\"elementor-button-text\">Make an appointment with Julie Dupuis<\/span>\n\t\t\t\t\t<\/span>\n\t\t\t\t\t<\/a>\n\t\t\t\t<\/div>\n\t\t\t\t\t\t\t\t<\/div>\n\t\t\t\t<\/div>\n\t\t\t\t<div class=\"elementor-element elementor-element-fc7bec6 elementor-shape-rounded elementor-grid-0 e-grid-align-center elementor-widget elementor-widget-social-icons\" data-id=\"fc7bec6\" data-element_type=\"widget\" data-widget_type=\"social-icons.default\">\n\t\t\t\t<div class=\"elementor-widget-container\">\n\t\t\t\t\t\t\t<div class=\"elementor-social-icons-wrapper elementor-grid\" role=\"list\">\n\t\t\t\t\t\t\t<span class=\"elementor-grid-item\" role=\"listitem\">\n\t\t\t\t\t<a class=\"elementor-icon elementor-social-icon elementor-social-icon-facebook elementor-repeater-item-ad1280e\" href=\"https:\/\/www.facebook.com\/complexexinc\" target=\"_blank\" rel=\"noopener\">\n\t\t\t\t\t\t<span class=\"elementor-screen-only\">Facebook<\/span>\n\t\t\t\t\t\t<i aria-hidden=\"true\" class=\"fab fa-facebook\"><\/i>\t\t\t\t\t<\/a>\n\t\t\t\t<\/span>\n\t\t\t\t\t\t\t<span class=\"elementor-grid-item\" role=\"listitem\">\n\t\t\t\t\t<a class=\"elementor-icon elementor-social-icon elementor-social-icon-youtube elementor-repeater-item-4290af2\" href=\"https:\/\/www.youtube.com\/@complexex731\" target=\"_blank\" rel=\"noopener\">\n\t\t\t\t\t\t<span class=\"elementor-screen-only\">Youtube<\/span>\n\t\t\t\t\t\t<i aria-hidden=\"true\" class=\"fab fa-youtube\"><\/i>\t\t\t\t\t<\/a>\n\t\t\t\t<\/span>\n\t\t\t\t\t\t\t<span class=\"elementor-grid-item\" role=\"listitem\">\n\t\t\t\t\t<a class=\"elementor-icon elementor-social-icon elementor-social-icon-linkedin elementor-repeater-item-689f5f3\" href=\"https:\/\/www.linkedin.com\/company\/complexe-x-inc\/\" target=\"_blank\" rel=\"noopener\">\n\t\t\t\t\t\t<span class=\"elementor-screen-only\">Linkedin<\/span>\n\t\t\t\t\t\t<i aria-hidden=\"true\" class=\"fab fa-linkedin\"><\/i>\t\t\t\t\t<\/a>\n\t\t\t\t<\/span>\n\t\t\t\t\t<\/div>\n\t\t\t\t\t\t<\/div>\n\t\t\t\t<\/div>\n\t\t\t\t\t<\/div>\n\t\t\t\t<\/div>\n\t\t\t\t<\/div>","protected":false},"excerpt":{"rendered":"<p>Pour commencer, mettons les choses au clair. Pour avoir de la motivation au travail, il n\u2019y a que nous qui pouvons faire la diff\u00e9rence. Vous avez bien lu. L\u2019\u00e9c\u0153urantite aig\u00fce part de soi. Rien au monde, m\u00eame la meilleure paye possible, fera en sorte que nous allons nous sentir \u201cup la vie\u201d pour aller travailler. \u00c0 court terme ce sera g\u00e9nial, mais \u00e0 moyen et long terme nous retournerons dans notre zone de l\u00e9thargie conditionn\u00e9e. <\/p>","protected":false},"author":3,"featured_media":74326,"comment_status":"open","ping_status":"open","sticky":false,"template":"","format":"standard","meta":{"_acf_changed":false,"content-type":"","site-sidebar-layout":"default","site-content-layout":"","ast-site-content-layout":"default","site-content-style":"default","site-sidebar-style":"default","ast-global-header-display":"","ast-banner-title-visibility":"","ast-main-header-display":"","ast-hfb-above-header-display":"","ast-hfb-below-header-display":"","ast-hfb-mobile-header-display":"","site-post-title":"","ast-breadcrumbs-content":"","ast-featured-img":"","footer-sml-layout":"","ast-disable-related-posts":"","theme-transparent-header-meta":"","adv-header-id-meta":"","stick-header-meta":"","header-above-stick-meta":"","header-main-stick-meta":"","header-below-stick-meta":"","astra-migrate-meta-layouts":"set","ast-page-background-enabled":"default","ast-page-background-meta":{"desktop":{"background-color":"","background-image":"","background-repeat":"repeat","background-position":"center center","background-size":"auto","background-attachment":"scroll","background-type":"","background-media":"","overlay-type":"","overlay-color":"","overlay-opacity":"","overlay-gradient":""},"tablet":{"background-color":"","background-image":"","background-repeat":"repeat","background-position":"center center","background-size":"auto","background-attachment":"scroll","background-type":"","background-media":"","overlay-type":"","overlay-color":"","overlay-opacity":"","overlay-gradient":""},"mobile":{"background-color":"","background-image":"","background-repeat":"repeat","background-position":"center center","background-size":"auto","background-attachment":"scroll","background-type":"","background-media":"","overlay-type":"","overlay-color":"","overlay-opacity":"","overlay-gradient":""}},"ast-content-background-meta":{"desktop":{"background-color":"var(--ast-global-color-5)","background-image":"","background-repeat":"repeat","background-position":"center center","background-size":"auto","background-attachment":"scroll","background-type":"","background-media":"","overlay-type":"","overlay-color":"","overlay-opacity":"","overlay-gradient":""},"tablet":{"background-color":"var(--ast-global-color-5)","background-image":"","background-repeat":"repeat","background-position":"center center","background-size":"auto","background-attachment":"scroll","background-type":"","background-media":"","overlay-type":"","overlay-color":"","overlay-opacity":"","overlay-gradient":""},"mobile":{"background-color":"var(--ast-global-color-5)","background-image":"","background-repeat":"repeat","background-position":"center center","background-size":"auto","background-attachment":"scroll","background-type":"","background-media":"","overlay-type":"","overlay-color":"","overlay-opacity":"","overlay-gradient":""}},"footnotes":""},"categories":[202,162],"tags":[203],"class_list":["post-69555","post","type-post","status-publish","format-standard","has-post-thumbnail","hentry","category-competences-de-gestion","category-developpement-personnel","tag-performance"],"acf":[],"_links":{"self":[{"href":"https:\/\/complx.ca\/en\/wp-json\/wp\/v2\/posts\/69555","targetHints":{"allow":["GET"]}}],"collection":[{"href":"https:\/\/complx.ca\/en\/wp-json\/wp\/v2\/posts"}],"about":[{"href":"https:\/\/complx.ca\/en\/wp-json\/wp\/v2\/types\/post"}],"author":[{"embeddable":true,"href":"https:\/\/complx.ca\/en\/wp-json\/wp\/v2\/users\/3"}],"replies":[{"embeddable":true,"href":"https:\/\/complx.ca\/en\/wp-json\/wp\/v2\/comments?post=69555"}],"version-history":[{"count":2,"href":"https:\/\/complx.ca\/en\/wp-json\/wp\/v2\/posts\/69555\/revisions"}],"predecessor-version":[{"id":74327,"href":"https:\/\/complx.ca\/en\/wp-json\/wp\/v2\/posts\/69555\/revisions\/74327"}],"wp:featuredmedia":[{"embeddable":true,"href":"https:\/\/complx.ca\/en\/wp-json\/wp\/v2\/media\/74326"}],"wp:attachment":[{"href":"https:\/\/complx.ca\/en\/wp-json\/wp\/v2\/media?parent=69555"}],"wp:term":[{"taxonomy":"category","embeddable":true,"href":"https:\/\/complx.ca\/en\/wp-json\/wp\/v2\/categories?post=69555"},{"taxonomy":"post_tag","embeddable":true,"href":"https:\/\/complx.ca\/en\/wp-json\/wp\/v2\/tags?post=69555"}],"curies":[{"name":"wp","href":"https:\/\/api.w.org\/{rel}","templated":true}]}}