{"id":71989,"date":"2025-05-20T11:18:33","date_gmt":"2025-05-20T15:18:33","guid":{"rendered":"https:\/\/complx.ca\/?p=71989"},"modified":"2025-07-22T08:35:20","modified_gmt":"2025-07-22T12:35:20","slug":"gerer-le-changement-ou-gerer-lhumain-en-changement","status":"publish","type":"post","link":"https:\/\/complx.ca\/en\/gerer-le-changement-ou-gerer-lhumain-en-changement\/","title":{"rendered":"G\u00e9rer le changement ou g\u00e9rer l\u2019humain en changement?"},"content":{"rendered":"<div data-elementor-type=\"wp-post\" data-elementor-id=\"71989\" class=\"elementor elementor-71989\" data-elementor-post-type=\"post\">\n\t\t\t\t<div class=\"elementor-element elementor-element-c5d25d9 e-con-full e-flex e-con e-parent\" data-id=\"c5d25d9\" data-element_type=\"container\">\n\t\t\t\t<div class=\"elementor-element elementor-element-dbdcd40 elementor-share-buttons--view-icon-text elementor-share-buttons--skin-gradient elementor-share-buttons--shape-square elementor-grid-0 elementor-share-buttons--color-official elementor-widget elementor-widget-share-buttons\" data-id=\"dbdcd40\" data-element_type=\"widget\" data-widget_type=\"share-buttons.default\">\n\t\t\t\t<div class=\"elementor-widget-container\">\n\t\t\t\t\t\t\t<div class=\"elementor-grid\" role=\"list\">\n\t\t\t\t\t\t\t\t<div class=\"elementor-grid-item\" role=\"listitem\">\n\t\t\t\t\t\t<div class=\"elementor-share-btn elementor-share-btn_facebook\" role=\"button\" tabindex=\"0\" aria-label=\"Share on facebook\">\n\t\t\t\t\t\t\t\t\t\t\t\t\t\t\t<span class=\"elementor-share-btn__icon\">\n\t\t\t\t\t\t\t\t<i class=\"fab fa-facebook\" aria-hidden=\"true\"><\/i>\t\t\t\t\t\t\t<\/span>\n\t\t\t\t\t\t\t\t\t\t\t\t\t\t\t\t\t\t\t\t\t\t<div class=\"elementor-share-btn__text\">\n\t\t\t\t\t\t\t\t\t\t\t\t\t\t\t\t\t\t\t<span class=\"elementor-share-btn__title\">\n\t\t\t\t\t\t\t\t\t\tFacebook\t\t\t\t\t\t\t\t\t<\/span>\n\t\t\t\t\t\t\t\t\t\t\t\t\t\t\t\t\t<\/div>\n\t\t\t\t\t\t\t\t\t\t\t\t\t<\/div>\n\t\t\t\t\t<\/div>\n\t\t\t\t\t\t\t\t\t<div class=\"elementor-grid-item\" role=\"listitem\">\n\t\t\t\t\t\t<div class=\"elementor-share-btn elementor-share-btn_linkedin\" role=\"button\" tabindex=\"0\" aria-label=\"Share on linkedin\">\n\t\t\t\t\t\t\t\t\t\t\t\t\t\t\t<span class=\"elementor-share-btn__icon\">\n\t\t\t\t\t\t\t\t<i class=\"fab fa-linkedin\" aria-hidden=\"true\"><\/i>\t\t\t\t\t\t\t<\/span>\n\t\t\t\t\t\t\t\t\t\t\t\t\t\t\t\t\t\t\t\t\t\t<div class=\"elementor-share-btn__text\">\n\t\t\t\t\t\t\t\t\t\t\t\t\t\t\t\t\t\t\t<span class=\"elementor-share-btn__title\">\n\t\t\t\t\t\t\t\t\t\tLinkedIn\t\t\t\t\t\t\t\t\t<\/span>\n\t\t\t\t\t\t\t\t\t\t\t\t\t\t\t\t\t<\/div>\n\t\t\t\t\t\t\t\t\t\t\t\t\t<\/div>\n\t\t\t\t\t<\/div>\n\t\t\t\t\t\t<\/div>\n\t\t\t\t\t\t<\/div>\n\t\t\t\t<\/div>\n\t\t\t\t<div class=\"elementor-element elementor-element-92448a6 elementor-widget elementor-widget-text-editor\" data-id=\"92448a6\" data-element_type=\"widget\" data-widget_type=\"text-editor.default\">\n\t\t\t\t<div class=\"elementor-widget-container\">\n\t\t\t\t\t\t\t\t\t<p>Le sujet de la gestion du changement est de plus en plus populaire dans les organisations et n\u00e9cessite qu\u2019on lui porte une attention particuli\u00e8re. Autant pour chacun d\u2019entre nous, qui devront s\u2019y faire malgr\u00e9 nos r\u00e9sistances, que pour les organisations qui devront un jour comprendre que g\u00e9rer les changements ne concernent pas simplement le fait de changer une machine pour une autre ou pour optimiser un processus afin de gagner en efficience.<\/p><p>Comme on dit, rien n\u2019est plus constant que le changement et dans un monde o\u00f9 chaque individu n\u2019a comme seul objectif de reproduire demain, ce qu\u2019il vit aujourd\u2019hui, \u00e7a devient tout un d\u00e9fi! On parle de gestion du changement, j\u2019ai plut\u00f4t envie aujourd\u2019hui de vous parler de comment g\u00e9rer l\u2019humain \u00e0 travers les changements.<\/p><h3>L\u2019humain, un \u00eatre d\u2019habitudes et de routines<\/h3><p>On peut dire que cette affirmation est globalement vraie. Selon la pyramide des besoins Maslow, la s\u00e9curit\u00e9 est un besoin fondamental. Les habitudes ancr\u00e9es, la routine et la stabilit\u00e9 contribuent \u00e0 ce sentiment de s\u00e9curit\u00e9, car elles rendent l\u2019environnement et les choses pr\u00e9visibles. On sait exactement ce qui va se passer et la fa\u00e7on dont \u00e7a va se passer. Vous savez que notre personnalit\u00e9 se d\u00e9finit \u00e0 travers toutes ces habitudes et ces comportements que l\u2019on r\u00e9p\u00e8te encore et encore et qui viennent nous confirmer et valider \u00e0 tous les jours de notre vie que nous sommes bien qui nous sommes?<\/p><p>Donc, vous comprendrez que naturellement, le fait de changer ne serait-ce qu\u2019un tout petit quelque chose dans l\u2019environnement ou dans les habitudes vient rapidement cr\u00e9er chez la personne un sentiment d\u2019ins\u00e9curit\u00e9, de peur de perdre et je dirais encore plus de peur de SE perdre. Qui serais-je si je tout ce qui m\u2019est familier, qui fait partie de ma routine et de mon environnement, ne serait plus l\u00e0 demain?!<\/p><p>De plus, dans une soci\u00e9t\u00e9 o\u00f9 le stress domine la masse, o\u00f9 tout le monde vit dans un \u00e9tat de stress constant sans vraiment s\u2019en rendre compte et qui a m\u00eame fini par croire que c\u2019est un \u00e9tat normal, le fait d\u2019avoir une routine, des habitudes et un environnement stable et pr\u00e9visible au travail par exemple permet au cerveau de fonctionner en mode \u00ab automatique \u00bb pour certaines t\u00e2ches. Le pilote automatique est fort utile et je dirais m\u00eame n\u00e9cessaire puisqu\u2019il permet de rendre accessible de l\u2019\u00e9nergie mentale pour d\u2019autres choses plus importantes comme les pr\u00e9occupations personnelles li\u00e9es \u00e0 la famille, la vie personnelle, etc.<\/p><h3>Nuance : l\u2019humain a aussi besoin de s\u2019\u00e9panouir, \u00e9voluer et se d\u00e9velopper<\/h3><p>Si les d\u00e9cideur.euses comprenaient que l\u2019humain bien accompagn\u00e9 et projet\u00e9 dans un environnement adapt\u00e9 \u00e0 ses besoins en lui offrant les conditions dont il a besoin, nous aurions des organisations beaucoup plus innovantes, performantes et agiles.<\/p><p>Oui, les personnes ont besoin de stabilit\u00e9 et d\u2019un environnement pr\u00e9visible pour la plupart, mais il ne faut pas oublier que l\u2019humain a \u00e9galement besoin de stimulation et de nouveaut\u00e9. Pour pouvoir b\u00e9n\u00e9ficier autant individuellement que collectivement de ces leviers pour r\u00e9ussir les changements, il faut assur\u00e9ment savoir comment les activer et surtout bien les utiliser.<\/p><p>Trois leviers puissants au service des transformations organisationnelles<\/p><p><strong>Le levier de la<\/strong> <strong>curiosit\u00e9 et de l\u2019apprentissage<\/strong> : Les humains ont un besoin inn\u00e9 de d\u00e9couvrir, d\u2019apprendre et de se d\u00e9passer. Trop de routine am\u00e8ne l\u2019ennui, la d\u00e9motivation et l\u2019apathie.<\/p><p><strong>Le levier de la<\/strong> <strong>personal growth<\/strong> : Les changements, m\u00eame s\u2019ils sont inconfortables, sont n\u00e9cessaires pour sentir que l\u2019on progresse, que l\u2019on avance et que l\u2019on \u00e9volue.<\/p><p><strong>Le levier de la reconnaissance :<\/strong> Chaque personne a le besoin d\u2019\u00eatre reconnue dans ce qu\u2019elle est (personnalit\u00e9, valeurs, motivations) et peut agir comme un acc\u00e9l\u00e9rateur ou un frein aux changements selon que l\u2019on arrive \u00e0 reconnaitre ses besoins \u00e0 travers l\u2019environnement et les conditions que nous produisons.<\/p><h3>La seule cl\u00e9 pour acc\u00e9der au succ\u00e8s dans les transformations\u00a0: L\u2019humain<\/h3><p>La chose essentielle \u00e0 comprendre une bonne fois pour toute\u00a0est celle-ci\u00a0: c\u2019est l\u2019humain qui est au c\u0153ur des changements parce que ce sont les personnes qui mettent en \u0153uvre, vivent et incarnent ces transformations. Rien n\u2019est possible sans leur adh\u00e9sion, leur engagement et leur capacit\u00e9 d\u2019adaptation. Bien que vous ayez les meilleurs plans de changement, vous \u00e9chouerez si vous ne gardez pas en t\u00eate ces trois \u00e9l\u00e9ments majeurs.<\/p><ol><li><strong> Les changements ne r\u00e9ussissent pas par des processus, mais par des comportements.<\/strong><\/li><\/ol><p>Un plan de changement reste th\u00e9orique tant que les individus ne l&#8217;adoptent pas concr\u00e8tement.<\/p><ol start=\"2\"><li><strong> Les r\u00e9sistances au changement sont naturelles, humaines et in\u00e9vitables.<\/strong><\/li><\/ol><p>S\u2019acharner \u00e0 ignorer les peurs, les doutes ou les pertes per\u00e7ues li\u00e9es au changement, c\u2019est risquer de faire face \u00e0 un \u00e9chec.<\/p><ol start=\"3\"><li><strong> L\u2019engagement humain est un levier de performance<\/strong><\/li><\/ol><p>Plus les personnes se sentent \u00e9cout\u00e9es, impliqu\u00e9es et consid\u00e9r\u00e9es, plus elles contribuent activement au changement.<\/p><p>Une transformation r\u00e9ussie est une transformation accompagn\u00e9e, comprise et v\u00e9cue par les humains qui composent l\u2019organisation. Les outils, les syst\u00e8mes et les processus sont importants, mais ils ne fonctionnent que si les personnes y croient et les incarnent.<\/p><h3>Une responsabilit\u00e9 organisationnelle<\/h3><p>Et si on disait que le v\u00e9ritable d\u00e9fi du changement, ce n\u2019\u00e9tait pas le changement lui-m\u00eame, mais la fa\u00e7on dont on l\u2019accompagne ?<\/p><p>Trop souvent, on attend des personnes qu\u2019elles s\u2019adaptent, qu\u2019elles acceptent, qu\u2019elles suivent. Mais si, au lieu de g\u00e9rer uniquement des projets, les organisations prenaient aussi la responsabilit\u00e9 de transformer la perception m\u00eame du changement?<\/p><p>Et si on disait que c\u2019\u00e9tait en partie leur r\u00f4le de travailler \u00e0 changer cette perception, \u00e0 travers la mani\u00e8re dont elles g\u00e8rent les transitions, les incertitudes et les \u00e9motions dans les \u00e9quipes?<\/p><p>Mettre l\u2019humain au c\u0153ur du changement, c\u2019est plus qu\u2019une simple phrase \u00e0 dire parce que \u00e7a parait bien: c\u2019est une posture de leadership qui cr\u00e9e de la confiance, de l\u2019engagement et, surtout des transformations r\u00e9ussies et durables. Mettre l\u2019humain au c\u0153ur du changement, c\u2019est assurer les r\u00e9sultats attendus et c\u2019est atteindre les objectifs beaucoup plus rapidement et efficacement.<\/p><p>\u00a0<\/p>\t\t\t\t\t\t\t\t<\/div>\n\t\t\t\t<\/div>\n\t\t\t\t<div class=\"elementor-element elementor-element-88d1e43 elementor-widget elementor-widget-image\" data-id=\"88d1e43\" data-element_type=\"widget\" data-widget_type=\"image.default\">\n\t\t\t\t<div class=\"elementor-widget-container\">\n\t\t\t\t\t\t\t\t\t\t\t\t\t\t\t<img decoding=\"async\" width=\"300\" height=\"91\" src=\"https:\/\/complx.ca\/wp-content\/uploads\/2025\/01\/ComplexeX_Logo-Primaire_Slogan_CabinetConseil-300x91.png\" class=\"attachment-medium size-medium wp-image-69375\" alt=\"\" srcset=\"https:\/\/complx.ca\/wp-content\/uploads\/2025\/01\/ComplexeX_Logo-Primaire_Slogan_CabinetConseil-300x91.png 300w, https:\/\/complx.ca\/wp-content\/uploads\/2025\/01\/ComplexeX_Logo-Primaire_Slogan_CabinetConseil-1024x310.png 1024w, https:\/\/complx.ca\/wp-content\/uploads\/2025\/01\/ComplexeX_Logo-Primaire_Slogan_CabinetConseil-768x232.png 768w, https:\/\/complx.ca\/wp-content\/uploads\/2025\/01\/ComplexeX_Logo-Primaire_Slogan_CabinetConseil-1536x464.png 1536w, https:\/\/complx.ca\/wp-content\/uploads\/2025\/01\/ComplexeX_Logo-Primaire_Slogan_CabinetConseil-2048x619.png 2048w, https:\/\/complx.ca\/wp-content\/uploads\/2025\/01\/ComplexeX_Logo-Primaire_Slogan_CabinetConseil-18x5.png 18w, https:\/\/complx.ca\/wp-content\/uploads\/2025\/01\/ComplexeX_Logo-Primaire_Slogan_CabinetConseil-600x181.png 600w\" sizes=\"(max-width: 300px) 100vw, 300px\" \/>\t\t\t\t\t\t\t\t\t\t\t\t\t\t\t<\/div>\n\t\t\t\t<\/div>\n\t\t\t\t<\/div>\n\t\t<div class=\"elementor-element elementor-element-3132d81 e-flex e-con-boxed e-con e-parent\" data-id=\"3132d81\" data-element_type=\"container\">\n\t\t\t\t\t<div class=\"e-con-inner\">\n\t\t\t\t<div class=\"elementor-element elementor-element-da33dfb elementor-author-box--avatar-yes elementor-author-box--name-yes elementor-author-box--biography-yes elementor-author-box--link-no elementor-widget elementor-widget-author-box\" data-id=\"da33dfb\" data-element_type=\"widget\" data-widget_type=\"author-box.default\">\n\t\t\t\t<div class=\"elementor-widget-container\">\n\t\t\t\t\t\t\t<div class=\"elementor-author-box\">\n\t\t\t\t\t\t\t<div  class=\"elementor-author-box__avatar\">\n\t\t\t\t\t<img decoding=\"async\" src=\"https:\/\/secure.gravatar.com\/avatar\/857b7975d2fe005021715e2bfa16e84e48676fefc1856e58ae23f3190ec6db9b?s=300&#038;d=mm&#038;r=g\" alt=\"Picture of Roxanne Larouche\" loading=\"lazy\">\n\t\t\t\t<\/div>\n\t\t\t\n\t\t\t<div class=\"elementor-author-box__text\">\n\t\t\t\t\t\t\t\t\t<div >\n\t\t\t\t\t\t<h4 class=\"elementor-author-box__name\">\n\t\t\t\t\t\t\tRoxanne Larouche\t\t\t\t\t\t<\/h4>\n\t\t\t\t\t<\/div>\n\t\t\t\t\n\t\t\t\t\t\t\t\t\t<div class=\"elementor-author-box__bio\">\n\t\t\t\t\t\tRoxanne Larouche est sp\u00e9cialiste en d\u00e9veloppement organisationnel, formatrice et coach certifi\u00e9e NOVA, reconnue pour son expertise en d\u00e9veloppement des comp\u00e9tences et des comportements. Forte de plus de vingt ans d\u2019exp\u00e9rience, elle accompagne les organisations et leurs talents dans l\u2019atteinte de leurs objectifs en favorisant la performance, la mobilisation et l\u2019innovation.\r\n\r\nPassionn\u00e9e par les comportements humains et les neurosciences, elle croit fermement que les connaissances soutenues par l\u2019engagement, la d\u00e9termination et la discipline sont des \u00e9l\u00e9ments essentiels pour obtenir des r\u00e9sultats percutants et surtout diff\u00e9rents. Son approche repose sur une combinaison de strat\u00e9gies \u00e9prouv\u00e9es et d\u2019outils concrets, permettant aux individus et aux organisations d\u2019explorer de nouvelles fa\u00e7ons de faire et d\u2019acc\u00e9l\u00e9rer leur croissance.\r\n\r\nReconnue pour sa capacit\u00e9 \u00e0 influencer et \u00e0 guider de r\u00e9elles transformations, elle met sa passion et son expertise au service du d\u00e9veloppement personnel et professionnel, avec une vision ax\u00e9e sur l\u2019action et l\u2019impact durable.\t\t\t\t\t<\/div>\n\t\t\t\t\n\t\t\t\t\t\t\t<\/div>\n\t\t<\/div>\n\t\t\t\t\t\t<\/div>\n\t\t\t\t<\/div>\n\t\t\t\t<div class=\"elementor-element elementor-element-ca377db elementor-align-center elementor-widget elementor-widget-button\" data-id=\"ca377db\" data-element_type=\"widget\" data-widget_type=\"button.default\">\n\t\t\t\t<div class=\"elementor-widget-container\">\n\t\t\t\t\t\t\t\t\t<div class=\"elementor-button-wrapper\">\n\t\t\t\t\t<a class=\"elementor-button elementor-button-link elementor-size-sm\" href=\"https:\/\/meetings.hubspot.com\/roxanne-larouche\/rencontre-avec-roxanne-larouche-de-complexe-x\" target=\"_blank\" rel=\"noopener\">\n\t\t\t\t\t\t<span class=\"elementor-button-content-wrapper\">\n\t\t\t\t\t\t<span class=\"elementor-button-icon\">\n\t\t\t\t<svg xmlns=\"http:\/\/www.w3.org\/2000\/svg\" xmlns:xlink=\"http:\/\/www.w3.org\/1999\/xlink\" width=\"137\" height=\"110\" viewbox=\"0 0 137 110\"><image width=\"137\" height=\"110\" xlink:href=\"data:img\/png;base64,iVBORw0KGgoAAAANSUhEUgAAAIkAAABuCAYAAAATZTDzAAAHjUlEQVR4nO2dT2xURRjAv267VMDSImnBFrXoCitRtlQxIZjsxosmmsDBi3uQ6sWLSvegolx6QvGyaCTGk8KhxoOxXPAvyS7ReICQFtAuZhMKpCIIlrYC21Z2zZSZ+rr7dvf9mZk38973S5rQ5e3MbPPLNzPvffNtQ6lUAkR\/kulEAgB6AKDN5MNkAGB4MJW57uSDoiQak0wn+gBgBwBst\/gpRgDgcwAYGkxlxqx+cpREQ5LpxAAA9ANAq4vRHwSAASuyoCQakUwnyHQyBAAPcBr1JBVlf62LUBJNoFPLZ4JGexgA+qqtWVASDUimE2QdsVPwSMl6JWEmSkjXP1xQkCQIIUZ2Qcl0omJ3hJIojERBGDG6+1kESqIoHgjC2J5MJ\/qNL+CaREE8FIRBdj3dbH2CkUQxFBAE6P2XhWiCkUQhFBGEsRBNMJIogmKCAI0m5JY\/TjcqoKAgDJREBRQWBNiDQ1yTeIjigjA2YyTxCE0EIbShJB6gkSCEBEoiGc0EmQclkYiOggBKIg9dBQGAMZREAhoLQhjDLbBgNBeEsBIjiUB8IMgIPrsRiA8EAXpeBxeuIvCJIMCy1FASzvhIkOxgKjMMKAlffCQIYYD9AyXhhM8EOTyYymTYLygJB3wmCMlI6zO+gJK4xIeCVBzQQklc4DNBCP1ssWoEJXGIDwV5eTCVqTiYBSiJM4IkCKAk9gmaIICS2COIggBKYp2gCgIoiTWCLAigJPUJuiCAktQGBbkDSlIFFOR\/UBITUJDFoCRloCCVoCQGUBBzUBIKClKdJrcNRLK5blIRx\/DScD4edVTo3itQkNrYPncTyeZIYZME\/YnVuDRLs62H8vFoxeNnVUBB6mNJkkg210YLrTktek+qDe\/Px6NcB+8WFMQadSWJZHP9NCnWzTciMEh06VchsqAg1qkqCY0e5BsR4gL6TeXj0ZrfjCASFMQeprubSDbXQ9cTIgQhpCPZnCdTDwpin4pIQncrw5yml3oczMejfe6asA4K4oxFkcQwxcgQhLBTVkRBQZxTPt3sr7OtFYFwUVAQdyxMN\/T+x9eyOjZByNSDgrjHGEk8221QuEcUFIQP85JEsrk+jl\/+5wZuoqAg\/GCRRNoOwwKuRUFB+NLwUGaUbHnPeTWAGjhao6Ag\/AnRB3UqYjuioCBiUFkSsCMKCiKOUFkuiIrUFQUFEQuRpEeVwdSgqigoiHhCEm\/Bu6VCFBREDrrluC6IgoLIg2yBr2sUTeYJHx+8srnxWIcCQ+GFsoIAjSTK5p+aUfjhU\/j72Jcdx8e71BucM5QWBKgkYwqMwxJEkLlTR+Yvnfr9BPhAFOUFAZ0iiVEQhuaiaCEIUEmGFBhHTcwEYWgqijaCEEL5eHSMHnlQklqCMDQTRStBwLAF9jqXxBQrgjA0EUU7QcAgyRCtBqwMdgRhKC6KloIAk4Se3e33fjh3cCIIQ1FRtBUEyo9URLI5kWdtLOFGECMr1j8BW7rGZQ69GloLAia35Xd4Oe3wEgTUiSjaCwLlktBpJ+GFKDwFYXgsii8EAbMHfPQwt1RRRAjC8EgU3wgC1Z4CyxRFpCAMyaL4ShColSogQ5TZ4e+FC8KQJIrvBIF6+SQiRbk9fhZmjh7g3WxNiCj5G8KyNX0pCFhJOhIhSmnmJhS+9eYm74WR0zBdXMm7Wd8KAlYz03iLMjf8HRSv\/8GjKduUZv6B3KVlPJv0tSBgJ32Rlygkisye+MpNE64h0w6naOJ7QcBujisPUeZGf4JSYdrp27mRv9ritqlACAJOEqHdivLvmR+dvI07E\/lf3TQZGEHAaba8U1GK09fg9uWzTrrkDlmbXJpztCUOlCDg5kiFE1GKf5132p0Qrk6H7TYbOEHA7bkbu6KoJknh1pydywMpCPA4nGVHlOLUFbfdcWXm5g2rzQVWEOB1gs+qKMXJyzy6k02gBQGexzy9eHosgcALArzPAvtMFBSEwv3AeC1RGjse5N2dKFAQA0KqClQTpaF5uYjuHLO8dYXZW1GQMoSVnjATpXHtRlHdOaJlecXHR0FMEFqfpFyUxq4NIruzzeqliwIdClIF4UVsykVpWu\/piY0Fwu3roCU0wX5FQWogpdKRUZQlvc\/J6LIunevWsEtQkDpIK4fFRGns2jAZauuU1a0pDc13w33L5m\/soSAWkFozjYmy9JnXCzL7Lafz0U3Q3HALBbGI9MJ6RJTQ2o1bww8\/VZTdN9C1SHTFORTEBp5UXySitMW2PR9qvVdqv2SaiUQ79qIg9vCsROeZl175pmNjbHdDs+s0Qst09T75RebNQ3ukdegTbH\/DOG9i7+16+\/LJn98vzYjNe13V+\/Sx3wY+UWP\/rRmeF\/sdeefDfat7t+1ual8nZI1CItWarc\/uRkGc43kkYfR+kHps6trE0enRX9p5tXlXd8\/MqrWdW06+lT7Nq80goowkjE173\/h44uKFV2fHR5ucthFqXQPtj8QOnHr3o9e4DzCAKCcJg6xVpq5e21O4crGlOPln3evJtLL0\/uh0y6p7DqEcfFFWEiOb9+16YXb29otzhcLj5f\/XFA6fDzcvOULWNp4O0q8AwH91iL2pAh+bWAAAAABJRU5ErkJggg==\"><\/image><\/svg>\t\t\t<\/span>\n\t\t\t\t\t\t\t\t\t<span class=\"elementor-button-text\">Prendre un rendez-vous avec  Roxanne Larouche<\/span>\n\t\t\t\t\t<\/span>\n\t\t\t\t\t<\/a>\n\t\t\t\t<\/div>\n\t\t\t\t\t\t\t\t<\/div>\n\t\t\t\t<\/div>\n\t\t\t\t<div class=\"elementor-element elementor-element-fc7bec6 elementor-shape-rounded elementor-grid-0 e-grid-align-center elementor-widget elementor-widget-social-icons\" data-id=\"fc7bec6\" data-element_type=\"widget\" data-widget_type=\"social-icons.default\">\n\t\t\t\t<div class=\"elementor-widget-container\">\n\t\t\t\t\t\t\t<div class=\"elementor-social-icons-wrapper elementor-grid\" role=\"list\">\n\t\t\t\t\t\t\t<span class=\"elementor-grid-item\" role=\"listitem\">\n\t\t\t\t\t<a class=\"elementor-icon elementor-social-icon elementor-social-icon-facebook elementor-repeater-item-ad1280e\" href=\"https:\/\/www.facebook.com\/complexexinc\" target=\"_blank\" rel=\"noopener\">\n\t\t\t\t\t\t<span class=\"elementor-screen-only\">Facebook<\/span>\n\t\t\t\t\t\t<i aria-hidden=\"true\" class=\"fab fa-facebook\"><\/i>\t\t\t\t\t<\/a>\n\t\t\t\t<\/span>\n\t\t\t\t\t\t\t<span class=\"elementor-grid-item\" role=\"listitem\">\n\t\t\t\t\t<a class=\"elementor-icon elementor-social-icon elementor-social-icon-youtube elementor-repeater-item-4290af2\" href=\"https:\/\/www.youtube.com\/@complexex731\" target=\"_blank\" rel=\"noopener\">\n\t\t\t\t\t\t<span class=\"elementor-screen-only\">Youtube<\/span>\n\t\t\t\t\t\t<i aria-hidden=\"true\" class=\"fab fa-youtube\"><\/i>\t\t\t\t\t<\/a>\n\t\t\t\t<\/span>\n\t\t\t\t\t\t\t<span class=\"elementor-grid-item\" role=\"listitem\">\n\t\t\t\t\t<a class=\"elementor-icon elementor-social-icon elementor-social-icon-linkedin elementor-repeater-item-689f5f3\" href=\"https:\/\/www.linkedin.com\/company\/complexe-x-inc\/\" target=\"_blank\" rel=\"noopener\">\n\t\t\t\t\t\t<span class=\"elementor-screen-only\">Linkedin<\/span>\n\t\t\t\t\t\t<i aria-hidden=\"true\" class=\"fab fa-linkedin\"><\/i>\t\t\t\t\t<\/a>\n\t\t\t\t<\/span>\n\t\t\t\t\t<\/div>\n\t\t\t\t\t\t<\/div>\n\t\t\t\t<\/div>\n\t\t\t\t\t<\/div>\n\t\t\t\t<\/div>\n\t\t\t\t<\/div>","protected":false},"excerpt":{"rendered":"<p>Le sujet de la gestion du changement est de plus en plus populaire dans les organisations et n\u00e9cessite qu\u2019on lui porte une attention particuli\u00e8re. Autant pour chacun d\u2019entre nous, qui devront s\u2019y faire malgr\u00e9 nos r\u00e9sistances, que pour les organisations qui devront un jour comprendre que g\u00e9rer les changements ne concernent pas simplement le fait de changer une machine pour une autre ou pour optimiser un processus afin de gagner en efficience.<\/p>\n<p>Comme on dit, rien n\u2019est plus constant que le changement et dans un monde o\u00f9 chaque individu n\u2019a comme seul objectif de reproduire demain, ce qu\u2019il vit aujourd\u2019hui, \u00e7a devient tout un d\u00e9fi! On parle de gestion du changement, j\u2019ai plut\u00f4t envie aujourd\u2019hui de vous parler de comment g\u00e9rer l\u2019humain \u00e0 travers les changements.<\/p>","protected":false},"author":291,"featured_media":74288,"comment_status":"open","ping_status":"open","sticky":false,"template":"","format":"standard","meta":{"_acf_changed":false,"content-type":"","site-sidebar-layout":"default","site-content-layout":"","ast-site-content-layout":"default","site-content-style":"default","site-sidebar-style":"default","ast-global-header-display":"","ast-banner-title-visibility":"","ast-main-header-display":"","ast-hfb-above-header-display":"","ast-hfb-below-header-display":"","ast-hfb-mobile-header-display":"","site-post-title":"","ast-breadcrumbs-content":"","ast-featured-img":"","footer-sml-layout":"","ast-disable-related-posts":"","theme-transparent-header-meta":"","adv-header-id-meta":"","stick-header-meta":"","header-above-stick-meta":"","header-main-stick-meta":"","header-below-stick-meta":"","astra-migrate-meta-layouts":"set","ast-page-background-enabled":"default","ast-page-background-meta":{"desktop":{"background-color":"","background-image":"","background-repeat":"repeat","background-position":"center center","background-size":"auto","background-attachment":"scroll","background-type":"","background-media":"","overlay-type":"","overlay-color":"","overlay-opacity":"","overlay-gradient":""},"tablet":{"background-color":"","background-image":"","background-repeat":"repeat","background-position":"center center","background-size":"auto","background-attachment":"scroll","background-type":"","background-media":"","overlay-type":"","overlay-color":"","overlay-opacity":"","overlay-gradient":""},"mobile":{"background-color":"","background-image":"","background-repeat":"repeat","background-position":"center center","background-size":"auto","background-attachment":"scroll","background-type":"","background-media":"","overlay-type":"","overlay-color":"","overlay-opacity":"","overlay-gradient":""}},"ast-content-background-meta":{"desktop":{"background-color":"var(--ast-global-color-5)","background-image":"","background-repeat":"repeat","background-position":"center center","background-size":"auto","background-attachment":"scroll","background-type":"","background-media":"","overlay-type":"","overlay-color":"","overlay-opacity":"","overlay-gradient":""},"tablet":{"background-color":"var(--ast-global-color-5)","background-image":"","background-repeat":"repeat","background-position":"center center","background-size":"auto","background-attachment":"scroll","background-type":"","background-media":"","overlay-type":"","overlay-color":"","overlay-opacity":"","overlay-gradient":""},"mobile":{"background-color":"var(--ast-global-color-5)","background-image":"","background-repeat":"repeat","background-position":"center center","background-size":"auto","background-attachment":"scroll","background-type":"","background-media":"","overlay-type":"","overlay-color":"","overlay-opacity":"","overlay-gradient":""}},"footnotes":""},"categories":[202],"tags":[245,256,147],"class_list":["post-71989","post","type-post","status-publish","format-standard","has-post-thumbnail","hentry","category-competences-de-gestion","tag-action","tag-changement","tag-formation"],"acf":[],"_links":{"self":[{"href":"https:\/\/complx.ca\/en\/wp-json\/wp\/v2\/posts\/71989","targetHints":{"allow":["GET"]}}],"collection":[{"href":"https:\/\/complx.ca\/en\/wp-json\/wp\/v2\/posts"}],"about":[{"href":"https:\/\/complx.ca\/en\/wp-json\/wp\/v2\/types\/post"}],"author":[{"embeddable":true,"href":"https:\/\/complx.ca\/en\/wp-json\/wp\/v2\/users\/291"}],"replies":[{"embeddable":true,"href":"https:\/\/complx.ca\/en\/wp-json\/wp\/v2\/comments?post=71989"}],"version-history":[{"count":2,"href":"https:\/\/complx.ca\/en\/wp-json\/wp\/v2\/posts\/71989\/revisions"}],"predecessor-version":[{"id":74290,"href":"https:\/\/complx.ca\/en\/wp-json\/wp\/v2\/posts\/71989\/revisions\/74290"}],"wp:featuredmedia":[{"embeddable":true,"href":"https:\/\/complx.ca\/en\/wp-json\/wp\/v2\/media\/74288"}],"wp:attachment":[{"href":"https:\/\/complx.ca\/en\/wp-json\/wp\/v2\/media?parent=71989"}],"wp:term":[{"taxonomy":"category","embeddable":true,"href":"https:\/\/complx.ca\/en\/wp-json\/wp\/v2\/categories?post=71989"},{"taxonomy":"post_tag","embeddable":true,"href":"https:\/\/complx.ca\/en\/wp-json\/wp\/v2\/tags?post=71989"}],"curies":[{"name":"wp","href":"https:\/\/api.w.org\/{rel}","templated":true}]}}