{"id":72803,"date":"2025-07-01T11:47:25","date_gmt":"2025-07-01T15:47:25","guid":{"rendered":"https:\/\/complx.ca\/?p=72803"},"modified":"2025-07-16T13:37:36","modified_gmt":"2025-07-16T17:37:36","slug":"les-competences-essentielles-du-futur-serieux","status":"publish","type":"post","link":"https:\/\/complx.ca\/en\/les-competences-essentielles-du-futur-serieux\/","title":{"rendered":"Les comp\u00e9tences essentielles du futur. S\u00e9rieux?"},"content":{"rendered":"<div data-elementor-type=\"wp-post\" data-elementor-id=\"72803\" class=\"elementor elementor-72803\" data-elementor-post-type=\"post\">\n\t\t\t\t<div class=\"elementor-element elementor-element-3470d7f e-flex e-con-boxed e-con e-parent\" data-id=\"3470d7f\" data-element_type=\"container\">\n\t\t\t\t\t<div class=\"e-con-inner\">\n\t\t\t\t<div class=\"elementor-element elementor-element-638eb78 elementor-share-buttons--view-icon-text elementor-share-buttons--skin-gradient elementor-share-buttons--shape-square elementor-grid-0 elementor-share-buttons--color-official elementor-widget elementor-widget-share-buttons\" data-id=\"638eb78\" data-element_type=\"widget\" data-widget_type=\"share-buttons.default\">\n\t\t\t\t<div class=\"elementor-widget-container\">\n\t\t\t\t\t\t\t<div class=\"elementor-grid\" role=\"list\">\n\t\t\t\t\t\t\t\t<div class=\"elementor-grid-item\" role=\"listitem\">\n\t\t\t\t\t\t<div class=\"elementor-share-btn elementor-share-btn_facebook\" role=\"button\" tabindex=\"0\" aria-label=\"Share on facebook\">\n\t\t\t\t\t\t\t\t\t\t\t\t\t\t\t<span class=\"elementor-share-btn__icon\">\n\t\t\t\t\t\t\t\t<i class=\"fab fa-facebook\" aria-hidden=\"true\"><\/i>\t\t\t\t\t\t\t<\/span>\n\t\t\t\t\t\t\t\t\t\t\t\t\t\t\t\t\t\t\t\t\t\t<div class=\"elementor-share-btn__text\">\n\t\t\t\t\t\t\t\t\t\t\t\t\t\t\t\t\t\t\t<span class=\"elementor-share-btn__title\">\n\t\t\t\t\t\t\t\t\t\tFacebook\t\t\t\t\t\t\t\t\t<\/span>\n\t\t\t\t\t\t\t\t\t\t\t\t\t\t\t\t\t<\/div>\n\t\t\t\t\t\t\t\t\t\t\t\t\t<\/div>\n\t\t\t\t\t<\/div>\n\t\t\t\t\t\t\t\t\t<div class=\"elementor-grid-item\" role=\"listitem\">\n\t\t\t\t\t\t<div class=\"elementor-share-btn elementor-share-btn_linkedin\" role=\"button\" tabindex=\"0\" aria-label=\"Share on linkedin\">\n\t\t\t\t\t\t\t\t\t\t\t\t\t\t\t<span class=\"elementor-share-btn__icon\">\n\t\t\t\t\t\t\t\t<i class=\"fab fa-linkedin\" aria-hidden=\"true\"><\/i>\t\t\t\t\t\t\t<\/span>\n\t\t\t\t\t\t\t\t\t\t\t\t\t\t\t\t\t\t\t\t\t\t<div class=\"elementor-share-btn__text\">\n\t\t\t\t\t\t\t\t\t\t\t\t\t\t\t\t\t\t\t<span class=\"elementor-share-btn__title\">\n\t\t\t\t\t\t\t\t\t\tLinkedIn\t\t\t\t\t\t\t\t\t<\/span>\n\t\t\t\t\t\t\t\t\t\t\t\t\t\t\t\t\t<\/div>\n\t\t\t\t\t\t\t\t\t\t\t\t\t<\/div>\n\t\t\t\t\t<\/div>\n\t\t\t\t\t\t<\/div>\n\t\t\t\t\t\t<\/div>\n\t\t\t\t<\/div>\n\t\t\t\t\t<\/div>\n\t\t\t\t<\/div>\n\t\t<div class=\"elementor-element elementor-element-b46303d e-flex e-con-boxed e-con e-parent\" data-id=\"b46303d\" data-element_type=\"container\">\n\t\t\t\t\t<div class=\"e-con-inner\">\n\t\t\t\t<div class=\"elementor-element elementor-element-58714ad elementor-widget elementor-widget-text-editor\" data-id=\"58714ad\" data-element_type=\"widget\" data-widget_type=\"text-editor.default\">\n\t\t\t\t<div class=\"elementor-widget-container\">\n\t\t\t\t\t\t\t\t\t<p>Parlons comp\u00e9tences essentielles du futur. Ceux et celles qui me connaissent savent exactement quel est mon plus grand r\u00eave et mon objectif pour les g\u00e9n\u00e9rations futures. Mais s\u00e9rieusement, peut-on m\u2019expliquer, une fois pour toutes, comment se fait-il que l\u2019intelligence \u00e9motionnelle ne fasse toujours pas partie du cursus scolaire de base au m\u00eame titre que les math\u00e9matiques ou le fran\u00e7ais?<\/p><p>Et non, je ne parle pas ici des belles initiatives ou des projets pilotes que plusieurs \u00e9coles mettent en place de mani\u00e8re autonome, mais qui demeurent malheureusement limit\u00e9s dans leurs moyens, dans leur port\u00e9e, et surtout dans leur dur\u00e9e. Je n\u2019arrive pas \u00e0 comprendre et encore moins \u00e0 me convaincre que ce soit normal.<\/p><p>Ce que je propose, c\u2019est un cours obligatoire, structur\u00e9 et int\u00e9gr\u00e9 d\u00e8s le pr\u00e9scolaire, qui suivrait l\u2019enfant tout au long de son parcours scolaire, au m\u00eame titre que le fran\u00e7ais ou les math\u00e9matiques. En 2025, je trouve incompr\u00e9hensible que personne ne se soit encore r\u00e9ellement pench\u00e9 sur cette question de fa\u00e7on s\u00e9rieuse et syst\u00e9mique.<\/p><h3><strong>Les \u00e9tudes sont l\u00e0 pour le prouver<\/strong><\/h3><p>Informez-vous, soyez curieux.euses et vous arriverez au m\u00eame constat que moi : l\u2019intelligence \u00e9motionnelle est essentielle. Elle est cruciale pour une vie \u00e9panouie, pour d\u00e9velopper une force d\u2019adaptation, une confiance solide et une capacit\u00e9 \u00e0 relever les innombrables d\u00e9fis que chaque \u00eatre humain rencontre. ESSENTIELLE.Tu peux bien avoir un bagage de connaissances aussi gros que la terre enti\u00e8re, une expertise qui impressionne tout le monde\u2026 si tu ne sais pas te g\u00e9rer, si tu n\u2019es pas capable de reconna\u00eetre et de composer avec les autres humains dans ton environnement, tu es limit\u00e9.e. Tout sera difficile.<\/p><p>Et chaque fois que j\u2019en parle autour de moi, c\u2019est la m\u00eame chose : tout le monde est d\u00e9clench\u00e9, interpell\u00e9, indign\u00e9 m\u00eame. Tout le monde est d\u2019accord : c\u2019est aberrant que ce ne soit pas enseign\u00e9 d\u00e8s l\u2019\u00e9cole. \u00c7a touche quelque chose de profond\u00e9ment humain, de fondamental.<\/p><p>Et moi, \u00e0 chaque fois, je me dis : mais voyons donc! Pourquoi personne dans une position d\u2019influence ou de d\u00e9cision n\u2019a encore enclench\u00e9 cette transformation dans notre syst\u00e8me d\u2019\u00e9ducation? C\u2019est tellement \u00e9vident. Tellement partag\u00e9. Comment est-ce possible qu\u2019on n\u2019ait pas encore agi?<\/p><h3><strong>Un monde qui change, des comp\u00e9tences essentielles qui \u00e9voluent<\/strong><\/h3><p>Encore aujourd\u2019hui, c\u2019est plus vrai que jamais : les comp\u00e9tences \u00e9motionnelles, sociales et humaines sont essentielles et elles le seront encore davantage dans l\u2019avenir. Si on veut b\u00e2tir une soci\u00e9t\u00e9 solide, r\u00e9siliente, innovante, on doit former des citoyen.nes dot\u00e9.es de bien plus que de comp\u00e9tences techniques.<\/p><p>Dans un monde o\u00f9 le stress est omnipr\u00e9sent, nos fonctions cognitives sont affect\u00e9es.<br \/>Saviez-vous que votre plein potentiel intellectuel est tout simplement inaccessible si vous ne savez pas vous g\u00e9rer \u00e9motionnellement?<br \/>Vos fonctions ex\u00e9cutives, votre capacit\u00e9 de raisonnement et de prise de d\u00e9cision objective sont diminu\u00e9es sous l\u2019effet du stress. Et ce stress, il est partout.<\/p><h3><strong>L\u2019\u00e9volution mesur\u00e9e des comp\u00e9tences essentielles<\/strong><\/h3><p>Notre soci\u00e9t\u00e9 a un besoin urgent de comp\u00e9tences \u00e9motionnelles, relationnelles et sociales. Et ce n\u2019est pas une impression, c\u2019est un fait. De nombreuses \u00e9tudes s\u00e9rieuses l\u2019ont d\u00e9montr\u00e9.<\/p><p>Le World Economic Forum (WEF), dans son rapport de 2023, montre une \u00e9volution marqu\u00e9e depuis 2016 : les comp\u00e9tences non techniques (comportementales, sociales, \u00e9motionnelles) sont de plus en plus recherch\u00e9es par les employeurs.<\/p><p>Voici quelques exemples tir\u00e9s de leur top 10 des comp\u00e9tences du 21e si\u00e8cle :<\/p><ul><li>3e : R\u00e9silience, tol\u00e9rance au stress et flexibilit\u00e9<\/li><li>4e : Motivation personnelle et curiosit\u00e9<\/li><li>5e : Sens de l\u2019initiative<\/li><li>6e : Intelligence \u00e9motionnelle<\/li><li>7e : Leadership et influence sociale<\/li><li>8e : Capacit\u00e9 \u00e0 travailler en \u00e9quipe<\/li><\/ul><p>Peu importe l\u2019\u00e9tude ou l\u2019organisme, tous convergent vers le m\u00eame constat : les comp\u00e9tences du futur sont avant tout humaines.<\/p><h3><strong>Les vrais d\u00e9fis \u00e0 la performance des \u00e9quipes et des organisations<\/strong><\/h3><p>Soyons honn\u00eates : ce ne sont pas les comp\u00e9tences techniques qui freinent les transformations organisationnelles, la mobilisation ou l\u2019innovation.<br \/>Ce sont les humains.<\/p><p>Ce sont les gens qui n\u2019arrivent pas \u00e0 collaborer, \u00e0 communiquer, \u00e0 s\u2019adapter ou encore \u00e0 sortir de leur zone de confort pour travailler dans une vision et un objectif commun. Les d\u00e9fis de performance, de transformation et de leadership viennent du manque de comp\u00e9tences humaines : flexibilit\u00e9, \u00e9coute, r\u00e9gulation \u00e9motionnelle, confiance, capacit\u00e9 d\u2019influence.<br \/>C\u2019est l\u2019humain qui freine le changement. Pas la technologie.<\/p><p>Des publications du Harvard Business Review l\u2019ont d\u00e9montr\u00e9 : des comp\u00e9tences comme l\u2019\u00e9coute active, la collaboration ou l\u2019intelligence \u00e9motionnelle sont essentielles \u00e0 la r\u00e9ussite collective, \u00e0 l\u2019innovation et \u00e0 une culture organisationnelle forte.<\/p><p>En 2021, le MIT Sloan a aussi montr\u00e9 que la toxicit\u00e9 dans les milieux de travail est plus souvent li\u00e9e \u00e0 un manque de comp\u00e9tences humaines qu\u2019\u00e0 des lacunes techniques.<\/p><h2><strong>Et maintenant, quand est-ce qu\u2019on se r\u00e9veille?<\/strong><\/h2><p>Personnellement, ces \u00e9tudes et constats \u00e9vidents ne font que renforcer ma conviction.<br \/>Mon envie d\u2019agir, de contribuer, d\u2019ouvrir des esprits, d\u2019accompagner des individus et des \u00e9quipes \u00e0 se d\u00e9velopper, se comprendre, et devenir plus humains, plus forts, plus r\u00e9silients, plus confiants\u2026 et plus heureux.<\/p><p>Je le dis avec clart\u00e9 : seule, je ne peux pas y arriver. Mais ensemble, je crois sinc\u00e8rement que cette vision peut se concr\u00e9tiser.<\/p><p>Consultez nos formations en ligne pour d\u00e9velopper votre intelligence \u00e9motionnelle:\u00a0<a href=\"https:\/\/complx.ca\/en\/boutique\/\">https:\/\/complx.ca\/boutique\/<\/a><\/p>\t\t\t\t\t\t\t\t<\/div>\n\t\t\t\t<\/div>\n\t\t\t\t\t<\/div>\n\t\t\t\t<\/div>\n\t\t<div class=\"elementor-element elementor-element-8d18f02 e-flex e-con-boxed e-con e-parent\" data-id=\"8d18f02\" data-element_type=\"container\">\n\t\t\t\t\t<div class=\"e-con-inner\">\n\t\t\t\t<div class=\"elementor-element elementor-element-3df6a7e elementor-author-box--avatar-yes elementor-author-box--name-yes elementor-author-box--biography-yes elementor-author-box--link-no elementor-widget elementor-widget-author-box\" data-id=\"3df6a7e\" data-element_type=\"widget\" data-widget_type=\"author-box.default\">\n\t\t\t\t<div class=\"elementor-widget-container\">\n\t\t\t\t\t\t\t<div class=\"elementor-author-box\">\n\t\t\t\t\t\t\t<div  class=\"elementor-author-box__avatar\">\n\t\t\t\t\t<img decoding=\"async\" src=\"https:\/\/secure.gravatar.com\/avatar\/857b7975d2fe005021715e2bfa16e84e48676fefc1856e58ae23f3190ec6db9b?s=300&#038;d=mm&#038;r=g\" alt=\"Picture of Roxanne Larouche\" loading=\"lazy\">\n\t\t\t\t<\/div>\n\t\t\t\n\t\t\t<div class=\"elementor-author-box__text\">\n\t\t\t\t\t\t\t\t\t<div >\n\t\t\t\t\t\t<h4 class=\"elementor-author-box__name\">\n\t\t\t\t\t\t\tRoxanne Larouche\t\t\t\t\t\t<\/h4>\n\t\t\t\t\t<\/div>\n\t\t\t\t\n\t\t\t\t\t\t\t\t\t<div class=\"elementor-author-box__bio\">\n\t\t\t\t\t\tRoxanne Larouche est sp\u00e9cialiste en d\u00e9veloppement organisationnel, formatrice et coach certifi\u00e9e NOVA, reconnue pour son expertise en d\u00e9veloppement des comp\u00e9tences et des comportements. Forte de plus de vingt ans d\u2019exp\u00e9rience, elle accompagne les organisations et leurs talents dans l\u2019atteinte de leurs objectifs en favorisant la performance, la mobilisation et l\u2019innovation.\r\n\r\nPassionn\u00e9e par les comportements humains et les neurosciences, elle croit fermement que les connaissances soutenues par l\u2019engagement, la d\u00e9termination et la discipline sont des \u00e9l\u00e9ments essentiels pour obtenir des r\u00e9sultats percutants et surtout diff\u00e9rents. Son approche repose sur une combinaison de strat\u00e9gies \u00e9prouv\u00e9es et d\u2019outils concrets, permettant aux individus et aux organisations d\u2019explorer de nouvelles fa\u00e7ons de faire et d\u2019acc\u00e9l\u00e9rer leur croissance.\r\n\r\nReconnue pour sa capacit\u00e9 \u00e0 influencer et \u00e0 guider de r\u00e9elles transformations, elle met sa passion et son expertise au service du d\u00e9veloppement personnel et professionnel, avec une vision ax\u00e9e sur l\u2019action et l\u2019impact durable.\t\t\t\t\t<\/div>\n\t\t\t\t\n\t\t\t\t\t\t\t<\/div>\n\t\t<\/div>\n\t\t\t\t\t\t<\/div>\n\t\t\t\t<\/div>\n\t\t\t\t\t<\/div>\n\t\t\t\t<\/div>\n\t\t<div class=\"elementor-element elementor-element-9b4583e e-flex e-con-boxed e-con e-parent\" data-id=\"9b4583e\" data-element_type=\"container\">\n\t\t\t\t\t<div class=\"e-con-inner\">\n\t\t\t\t<div class=\"elementor-element elementor-element-12c17bd elementor-align-center elementor-widget elementor-widget-button\" data-id=\"12c17bd\" data-element_type=\"widget\" data-widget_type=\"button.default\">\n\t\t\t\t<div class=\"elementor-widget-container\">\n\t\t\t\t\t\t\t\t\t<div class=\"elementor-button-wrapper\">\n\t\t\t\t\t<a class=\"elementor-button elementor-button-link elementor-size-sm\" href=\"https:\/\/meetings.hubspot.com\/roxanne-larouche\/rencontre-avec-roxanne-larouche-de-complexe-x\" target=\"_blank\" rel=\"noopener\">\n\t\t\t\t\t\t<span class=\"elementor-button-content-wrapper\">\n\t\t\t\t\t\t\t\t\t<span class=\"elementor-button-text\">Prenez rendez-vous avec moi<\/span>\n\t\t\t\t\t<\/span>\n\t\t\t\t\t<\/a>\n\t\t\t\t<\/div>\n\t\t\t\t\t\t\t\t<\/div>\n\t\t\t\t<\/div>\n\t\t\t\t\t<\/div>\n\t\t\t\t<\/div>\n\t\t\t\t<\/div>","protected":false},"excerpt":{"rendered":"<p>Ceux et celles qui me connaissent savent exactement quel est mon plus grand r\u00eave et mon objectif pour les g\u00e9n\u00e9rations futures. Mais s\u00e9rieusement, peut-on m\u2019expliquer, une fois pour toutes, comment se fait-il que l\u2019intelligence \u00e9motionnelle ne fasse toujours pas partie du cursus scolaire de base au m\u00eame titre que les math\u00e9matiques ou le fran\u00e7ais?<br \/>\nEt non, je ne parle pas ici des belles initiatives ou des projets pilotes que plusieurs \u00e9coles mettent en place de mani\u00e8re autonome, mais qui demeurent malheureusement limit\u00e9s dans leurs moyens, dans leur port\u00e9e, et surtout dans leur dur\u00e9e. Je n\u2019arrive pas \u00e0 comprendre et encore moins \u00e0 me convaincre que ce soit normal.<\/p>","protected":false},"author":291,"featured_media":72804,"comment_status":"open","ping_status":"open","sticky":false,"template":"","format":"standard","meta":{"_acf_changed":false,"content-type":"","site-sidebar-layout":"default","site-content-layout":"","ast-site-content-layout":"default","site-content-style":"default","site-sidebar-style":"default","ast-global-header-display":"","ast-banner-title-visibility":"","ast-main-header-display":"","ast-hfb-above-header-display":"","ast-hfb-below-header-display":"","ast-hfb-mobile-header-display":"","site-post-title":"","ast-breadcrumbs-content":"","ast-featured-img":"","footer-sml-layout":"","ast-disable-related-posts":"","theme-transparent-header-meta":"","adv-header-id-meta":"","stick-header-meta":"","header-above-stick-meta":"","header-main-stick-meta":"","header-below-stick-meta":"","astra-migrate-meta-layouts":"set","ast-page-background-enabled":"default","ast-page-background-meta":{"desktop":{"background-color":"","background-image":"","background-repeat":"repeat","background-position":"center center","background-size":"auto","background-attachment":"scroll","background-type":"","background-media":"","overlay-type":"","overlay-color":"","overlay-opacity":"","overlay-gradient":""},"tablet":{"background-color":"","background-image":"","background-repeat":"repeat","background-position":"center center","background-size":"auto","background-attachment":"scroll","background-type":"","background-media":"","overlay-type":"","overlay-color":"","overlay-opacity":"","overlay-gradient":""},"mobile":{"background-color":"","background-image":"","background-repeat":"repeat","background-position":"center center","background-size":"auto","background-attachment":"scroll","background-type":"","background-media":"","overlay-type":"","overlay-color":"","overlay-opacity":"","overlay-gradient":""}},"ast-content-background-meta":{"desktop":{"background-color":"var(--ast-global-color-5)","background-image":"","background-repeat":"repeat","background-position":"center center","background-size":"auto","background-attachment":"scroll","background-type":"","background-media":"","overlay-type":"","overlay-color":"","overlay-opacity":"","overlay-gradient":""},"tablet":{"background-color":"var(--ast-global-color-5)","background-image":"","background-repeat":"repeat","background-position":"center center","background-size":"auto","background-attachment":"scroll","background-type":"","background-media":"","overlay-type":"","overlay-color":"","overlay-opacity":"","overlay-gradient":""},"mobile":{"background-color":"var(--ast-global-color-5)","background-image":"","background-repeat":"repeat","background-position":"center center","background-size":"auto","background-attachment":"scroll","background-type":"","background-media":"","overlay-type":"","overlay-color":"","overlay-opacity":"","overlay-gradient":""}},"footnotes":""},"categories":[202],"tags":[255,229],"class_list":["post-72803","post","type-post","status-publish","format-standard","has-post-thumbnail","hentry","category-competences-de-gestion","tag-competence-du-futur","tag-intelligence-emotionnelle"],"acf":[],"_links":{"self":[{"href":"https:\/\/complx.ca\/en\/wp-json\/wp\/v2\/posts\/72803","targetHints":{"allow":["GET"]}}],"collection":[{"href":"https:\/\/complx.ca\/en\/wp-json\/wp\/v2\/posts"}],"about":[{"href":"https:\/\/complx.ca\/en\/wp-json\/wp\/v2\/types\/post"}],"author":[{"embeddable":true,"href":"https:\/\/complx.ca\/en\/wp-json\/wp\/v2\/users\/291"}],"replies":[{"embeddable":true,"href":"https:\/\/complx.ca\/en\/wp-json\/wp\/v2\/comments?post=72803"}],"version-history":[{"count":2,"href":"https:\/\/complx.ca\/en\/wp-json\/wp\/v2\/posts\/72803\/revisions"}],"predecessor-version":[{"id":74006,"href":"https:\/\/complx.ca\/en\/wp-json\/wp\/v2\/posts\/72803\/revisions\/74006"}],"wp:featuredmedia":[{"embeddable":true,"href":"https:\/\/complx.ca\/en\/wp-json\/wp\/v2\/media\/72804"}],"wp:attachment":[{"href":"https:\/\/complx.ca\/en\/wp-json\/wp\/v2\/media?parent=72803"}],"wp:term":[{"taxonomy":"category","embeddable":true,"href":"https:\/\/complx.ca\/en\/wp-json\/wp\/v2\/categories?post=72803"},{"taxonomy":"post_tag","embeddable":true,"href":"https:\/\/complx.ca\/en\/wp-json\/wp\/v2\/tags?post=72803"}],"curies":[{"name":"wp","href":"https:\/\/api.w.org\/{rel}","templated":true}]}}